{"id":291,"date":"2019-08-26T14:47:00","date_gmt":"2019-08-26T12:47:00","guid":{"rendered":"http:\/\/nugxwxw.cluster030.hosting.ovh.net\/blog\/?p=291"},"modified":"2024-01-16T14:59:41","modified_gmt":"2024-01-16T13:59:41","slug":"congres-otf-reims-2019-le-congres-du-centenaire","status":"publish","type":"post","link":"https:\/\/www.aloa-tourisme.com\/blog\/congres-otf-reims-2019-le-congres-du-centenaire","title":{"rendered":"CONGR\u00c8S OTF REIMS 2019 \u2013 LE CONGR\u00c8S DU CENTENAIRE"},"content":{"rendered":"\n<p>Reims capitale du champagne accueillera du 25 au 27 septembre 2019 le congr\u00e8s d&rsquo;Offices de Tourisme de France, \u00e0 cette occasion OTF c\u00e9l\u00e9brera son centenaire. Ev\u00e8nement incontournable pour les Offices de Tourisme, Aloa sera bien entendu pr\u00e9sent au travers d&rsquo;un stand comme \u00e0 chaque \u00e9dition depuis bient\u00f4t 15 ans. Cette ann\u00e9e encore, Aloa aura le plaisir de participer au congr\u00e8s d&rsquo;Offices de Tourisme de France. Comme \u00e0 l\u2019accoutum\u00e9e notre stand devrait \u00eatre bien visible m\u00eame si quelques changements dans la fa\u00e7on de vous accueillir seront \u00e0 noter\u00a0.\ud83d\ude01<\/p>\n\n\n\n<p>Sur place vous trouverez 5 personnes pour vous renseigner avec notre \u00e9quipe commerciale mais aussi des op\u00e9rationnels.<\/p>\n\n\n\n<figure class=\"wp-block-image\"><img decoding=\"async\" src=\"https:\/\/www.aloa-tourisme.com\/blog\/data\/medias\/groupe_reims_insta.1.jpg\" alt=\"\"\/><\/figure>\n\n\n\n<p>On vous en dit plus tr\u00e8s vite, d&rsquo;ici-l\u00e0, suivez nous sur les r\u00e9seaux #aloattitude #otf19:\u00a0<\/p>\n\n\n\n<ul class=\"wp-block-list\">\n<li><a href=\"https:\/\/congresotf2019-reims.fr\/\">https:\/\/congresotf2019-reims.fr\/<\/a><\/li>\n\n\n\n<li>Sur&nbsp;facebook&nbsp;<a href=\"https:\/\/www.facebook.com\/consonanceweb\">@consonanceweb<\/a><\/li>\n\n\n\n<li>Sur\u00a0\u00a0Instagram <a href=\"https:\/\/www.instagram.com\/aloatourisme\/\" title=\"@aloatourisme\">@aloatourisme<\/a><\/li>\n\n\n\n<li>Sur Linkedin\u00a0<a href=\"https:\/\/www.linkedin.com\/company\/3767508\" title=\"ConsonanceWeb \/ Aloa\">ConsonanceWeb \/ Aloa<\/a><\/li>\n<\/ul>\n\n\n\n<figure class=\"wp-block-image size-full\"><img loading=\"lazy\" decoding=\"async\" width=\"1000\" height=\"1000\" src=\"http:\/\/nugxwxw.cluster030.hosting.ovh.net\/blog\/wp-content\/uploads\/2024\/01\/diapo_web_otf19.1.gif\" alt=\"\" class=\"wp-image-292\"\/><\/figure>\n\n\n\n<p><\/p>\n","protected":false},"excerpt":{"rendered":"<p>Aloa aura le plaisir de vous retrouver les 25,26 et 27 septembre \u00e0 Reims pour le 32\u00e8me congr\u00e8s national d&rsquo;Offices de Tourisme de France.<\/p>\n","protected":false},"author":1,"featured_media":293,"comment_status":"closed","ping_status":"open","sticky":false,"template":"","format":"standard","meta":{"footnotes":""},"categories":[7,13],"tags":[],"class_list":["post-291","post","type-post","status-publish","format-standard","has-post-thumbnail","hentry","category-evenements","category-story"],"yoast_head":"<!-- This site is optimized with the Yoast SEO plugin v22.2 - https:\/\/yoast.com\/wordpress\/plugins\/seo\/ -->\n<title>CONGR\u00c8S OTF REIMS 2019 \u2013 LE CONGR\u00c8S DU CENTENAIRE - Le blog Aloa Tourisme<\/title>\n<meta name=\"robots\" content=\"index, follow, max-snippet:-1, max-image-preview:large, max-video-preview:-1\" \/>\n<link rel=\"canonical\" href=\"https:\/\/www.aloa-tourisme.com\/blog\/congres-otf-reims-2019-le-congres-du-centenaire\" \/>\n<meta property=\"og:locale\" content=\"fr_FR\" \/>\n<meta property=\"og:type\" content=\"article\" \/>\n<meta property=\"og:title\" content=\"CONGR\u00c8S OTF REIMS 2019 \u2013 LE CONGR\u00c8S DU CENTENAIRE - Le blog Aloa Tourisme\" \/>\n<meta property=\"og:description\" content=\"Aloa aura le plaisir de vous retrouver les 25,26 et 27 septembre \u00e0 Reims pour le 32\u00e8me congr\u00e8s national d&#039;Offices de Tourisme de France.\" \/>\n<meta property=\"og:url\" content=\"https:\/\/www.aloa-tourisme.com\/blog\/congres-otf-reims-2019-le-congres-du-centenaire\" \/>\n<meta property=\"og:site_name\" content=\"Le blog Aloa Tourisme\" \/>\n<meta property=\"article:publisher\" content=\"https:\/\/www.facebook.com\/consonanceweb\" \/>\n<meta property=\"article:published_time\" content=\"2019-08-26T12:47:00+00:00\" \/>\n<meta property=\"article:modified_time\" content=\"2024-01-16T13:59:41+00:00\" \/>\n<meta property=\"og:image\" content=\"https:\/\/www.aloa-tourisme.com\/blog\/wp-content\/uploads\/2024\/01\/vignoble_1200x630.png\" \/>\n\t<meta property=\"og:image:width\" content=\"1200\" \/>\n\t<meta property=\"og:image:height\" content=\"630\" \/>\n\t<meta property=\"og:image:type\" content=\"image\/png\" \/>\n<meta name=\"author\" content=\"aloa\" \/>\n<meta name=\"twitter:card\" content=\"summary_large_image\" \/>\n<meta name=\"twitter:label1\" content=\"\u00c9crit par\" \/>\n\t<meta name=\"twitter:data1\" content=\"aloa\" \/>\n\t<meta name=\"twitter:label2\" content=\"Dur\u00e9e de lecture estim\u00e9e\" \/>\n\t<meta name=\"twitter:data2\" content=\"1 minute\" \/>\n<script type=\"application\/ld+json\" class=\"yoast-schema-graph\">{\"@context\":\"https:\/\/schema.org\",\"@graph\":[{\"@type\":\"Article\",\"@id\":\"https:\/\/www.aloa-tourisme.com\/blog\/congres-otf-reims-2019-le-congres-du-centenaire#article\",\"isPartOf\":{\"@id\":\"https:\/\/www.aloa-tourisme.com\/blog\/congres-otf-reims-2019-le-congres-du-centenaire\"},\"author\":{\"name\":\"aloa\",\"@id\":\"https:\/\/www.aloa-tourisme.com\/blog\/#\/schema\/person\/aa9b4da5bfec527d1ebe78ed7b0de64c\"},\"headline\":\"CONGR\u00c8S OTF REIMS 2019 \u2013 LE CONGR\u00c8S DU CENTENAIRE\",\"datePublished\":\"2019-08-26T12:47:00+00:00\",\"dateModified\":\"2024-01-16T13:59:41+00:00\",\"mainEntityOfPage\":{\"@id\":\"https:\/\/www.aloa-tourisme.com\/blog\/congres-otf-reims-2019-le-congres-du-centenaire\"},\"wordCount\":150,\"publisher\":{\"@id\":\"https:\/\/www.aloa-tourisme.com\/blog\/#organization\"},\"image\":{\"@id\":\"https:\/\/www.aloa-tourisme.com\/blog\/congres-otf-reims-2019-le-congres-du-centenaire#primaryimage\"},\"thumbnailUrl\":\"https:\/\/www.aloa-tourisme.com\/blog\/wp-content\/uploads\/2024\/01\/vignoble_1200x630.png\",\"articleSection\":[\"EVENEMENTS\",\"STORY\"],\"inLanguage\":\"fr-FR\"},{\"@type\":\"WebPage\",\"@id\":\"https:\/\/www.aloa-tourisme.com\/blog\/congres-otf-reims-2019-le-congres-du-centenaire\",\"url\":\"https:\/\/www.aloa-tourisme.com\/blog\/congres-otf-reims-2019-le-congres-du-centenaire\",\"name\":\"CONGR\u00c8S OTF REIMS 2019 \u2013 LE CONGR\u00c8S DU CENTENAIRE - Le blog Aloa Tourisme\",\"isPartOf\":{\"@id\":\"https:\/\/www.aloa-tourisme.com\/blog\/#website\"},\"primaryImageOfPage\":{\"@id\":\"https:\/\/www.aloa-tourisme.com\/blog\/congres-otf-reims-2019-le-congres-du-centenaire#primaryimage\"},\"image\":{\"@id\":\"https:\/\/www.aloa-tourisme.com\/blog\/congres-otf-reims-2019-le-congres-du-centenaire#primaryimage\"},\"thumbnailUrl\":\"https:\/\/www.aloa-tourisme.com\/blog\/wp-content\/uploads\/2024\/01\/vignoble_1200x630.png\",\"datePublished\":\"2019-08-26T12:47:00+00:00\",\"dateModified\":\"2024-01-16T13:59:41+00:00\",\"breadcrumb\":{\"@id\":\"https:\/\/www.aloa-tourisme.com\/blog\/congres-otf-reims-2019-le-congres-du-centenaire#breadcrumb\"},\"inLanguage\":\"fr-FR\",\"potentialAction\":[{\"@type\":\"ReadAction\",\"target\":[\"https:\/\/www.aloa-tourisme.com\/blog\/congres-otf-reims-2019-le-congres-du-centenaire\"]}]},{\"@type\":\"ImageObject\",\"inLanguage\":\"fr-FR\",\"@id\":\"https:\/\/www.aloa-tourisme.com\/blog\/congres-otf-reims-2019-le-congres-du-centenaire#primaryimage\",\"url\":\"https:\/\/www.aloa-tourisme.com\/blog\/wp-content\/uploads\/2024\/01\/vignoble_1200x630.png\",\"contentUrl\":\"https:\/\/www.aloa-tourisme.com\/blog\/wp-content\/uploads\/2024\/01\/vignoble_1200x630.png\",\"width\":1200,\"height\":630,\"caption\":\"vignoble_1200x630\"},{\"@type\":\"BreadcrumbList\",\"@id\":\"https:\/\/www.aloa-tourisme.com\/blog\/congres-otf-reims-2019-le-congres-du-centenaire#breadcrumb\",\"itemListElement\":[{\"@type\":\"ListItem\",\"position\":1,\"name\":\"Accueil\",\"item\":\"https:\/\/www.aloa-tourisme.com\/blog\"},{\"@type\":\"ListItem\",\"position\":2,\"name\":\"CONGR\u00c8S OTF REIMS 2019 \u2013 LE CONGR\u00c8S DU CENTENAIRE\"}]},{\"@type\":\"WebSite\",\"@id\":\"https:\/\/www.aloa-tourisme.com\/blog\/#website\",\"url\":\"https:\/\/www.aloa-tourisme.com\/blog\/\",\"name\":\"Le blog Aloa Tourisme\",\"description\":\"Logiciels m\u00e9tier pour les professionnels et institutionnels du tourisme\",\"publisher\":{\"@id\":\"https:\/\/www.aloa-tourisme.com\/blog\/#organization\"},\"potentialAction\":[{\"@type\":\"SearchAction\",\"target\":{\"@type\":\"EntryPoint\",\"urlTemplate\":\"https:\/\/www.aloa-tourisme.com\/blog\/?s={search_term_string}\"},\"query-input\":\"required name=search_term_string\"}],\"inLanguage\":\"fr-FR\"},{\"@type\":\"Organization\",\"@id\":\"https:\/\/www.aloa-tourisme.com\/blog\/#organization\",\"name\":\"Le blog Aloa Tourisme\",\"url\":\"https:\/\/www.aloa-tourisme.com\/blog\/\",\"logo\":{\"@type\":\"ImageObject\",\"inLanguage\":\"fr-FR\",\"@id\":\"https:\/\/www.aloa-tourisme.com\/blog\/#\/schema\/logo\/image\/\",\"url\":\"https:\/\/www.aloa-tourisme.com\/blog\/wp-content\/uploads\/2024\/03\/aloa-consonance-web.png\",\"contentUrl\":\"https:\/\/www.aloa-tourisme.com\/blog\/wp-content\/uploads\/2024\/03\/aloa-consonance-web.png\",\"width\":300,\"height\":200,\"caption\":\"Le blog Aloa Tourisme\"},\"image\":{\"@id\":\"https:\/\/www.aloa-tourisme.com\/blog\/#\/schema\/logo\/image\/\"},\"sameAs\":[\"https:\/\/www.facebook.com\/consonanceweb\",\"https:\/\/www.linkedin.com\/company\/3767508\/\",\"https:\/\/www.instagram.com\/aloatourisme\/\",\"https:\/\/www.youtube.com\/user\/consonanceweb\/video\"]},{\"@type\":\"Person\",\"@id\":\"https:\/\/www.aloa-tourisme.com\/blog\/#\/schema\/person\/aa9b4da5bfec527d1ebe78ed7b0de64c\",\"name\":\"aloa\",\"image\":{\"@type\":\"ImageObject\",\"inLanguage\":\"fr-FR\",\"@id\":\"https:\/\/www.aloa-tourisme.com\/blog\/#\/schema\/person\/image\/\",\"url\":\"https:\/\/secure.gravatar.com\/avatar\/0de196176141d50c61f0f52f749a7ab91e3b3a214419bf986215fdefa3a664c0?s=96&d=mm&r=g\",\"contentUrl\":\"https:\/\/secure.gravatar.com\/avatar\/0de196176141d50c61f0f52f749a7ab91e3b3a214419bf986215fdefa3a664c0?s=96&d=mm&r=g\",\"caption\":\"aloa\"},\"sameAs\":[\"http:\/\/nugxwxw.cluster030.hosting.ovh.net\/blog\"],\"url\":\"https:\/\/www.aloa-tourisme.com\/blog\/author\/aloa\"}]}<\/script>\n<!-- \/ Yoast SEO plugin. -->","yoast_head_json":{"title":"CONGR\u00c8S OTF REIMS 2019 \u2013 LE CONGR\u00c8S DU CENTENAIRE - Le blog Aloa Tourisme","robots":{"index":"index","follow":"follow","max-snippet":"max-snippet:-1","max-image-preview":"max-image-preview:large","max-video-preview":"max-video-preview:-1"},"canonical":"https:\/\/www.aloa-tourisme.com\/blog\/congres-otf-reims-2019-le-congres-du-centenaire","og_locale":"fr_FR","og_type":"article","og_title":"CONGR\u00c8S OTF REIMS 2019 \u2013 LE CONGR\u00c8S DU CENTENAIRE - Le blog Aloa Tourisme","og_description":"Aloa aura le plaisir de vous retrouver les 25,26 et 27 septembre \u00e0 Reims pour le 32\u00e8me congr\u00e8s national d'Offices de Tourisme de France.","og_url":"https:\/\/www.aloa-tourisme.com\/blog\/congres-otf-reims-2019-le-congres-du-centenaire","og_site_name":"Le blog Aloa Tourisme","article_publisher":"https:\/\/www.facebook.com\/consonanceweb","article_published_time":"2019-08-26T12:47:00+00:00","article_modified_time":"2024-01-16T13:59:41+00:00","og_image":[{"width":1200,"height":630,"url":"https:\/\/www.aloa-tourisme.com\/blog\/wp-content\/uploads\/2024\/01\/vignoble_1200x630.png","type":"image\/png"}],"author":"aloa","twitter_card":"summary_large_image","twitter_misc":{"\u00c9crit par":"aloa","Dur\u00e9e de lecture estim\u00e9e":"1 minute"},"schema":{"@context":"https:\/\/schema.org","@graph":[{"@type":"Article","@id":"https:\/\/www.aloa-tourisme.com\/blog\/congres-otf-reims-2019-le-congres-du-centenaire#article","isPartOf":{"@id":"https:\/\/www.aloa-tourisme.com\/blog\/congres-otf-reims-2019-le-congres-du-centenaire"},"author":{"name":"aloa","@id":"https:\/\/www.aloa-tourisme.com\/blog\/#\/schema\/person\/aa9b4da5bfec527d1ebe78ed7b0de64c"},"headline":"CONGR\u00c8S OTF REIMS 2019 \u2013 LE CONGR\u00c8S DU CENTENAIRE","datePublished":"2019-08-26T12:47:00+00:00","dateModified":"2024-01-16T13:59:41+00:00","mainEntityOfPage":{"@id":"https:\/\/www.aloa-tourisme.com\/blog\/congres-otf-reims-2019-le-congres-du-centenaire"},"wordCount":150,"publisher":{"@id":"https:\/\/www.aloa-tourisme.com\/blog\/#organization"},"image":{"@id":"https:\/\/www.aloa-tourisme.com\/blog\/congres-otf-reims-2019-le-congres-du-centenaire#primaryimage"},"thumbnailUrl":"https:\/\/www.aloa-tourisme.com\/blog\/wp-content\/uploads\/2024\/01\/vignoble_1200x630.png","articleSection":["EVENEMENTS","STORY"],"inLanguage":"fr-FR"},{"@type":"WebPage","@id":"https:\/\/www.aloa-tourisme.com\/blog\/congres-otf-reims-2019-le-congres-du-centenaire","url":"https:\/\/www.aloa-tourisme.com\/blog\/congres-otf-reims-2019-le-congres-du-centenaire","name":"CONGR\u00c8S OTF REIMS 2019 \u2013 LE CONGR\u00c8S DU CENTENAIRE - Le blog Aloa Tourisme","isPartOf":{"@id":"https:\/\/www.aloa-tourisme.com\/blog\/#website"},"primaryImageOfPage":{"@id":"https:\/\/www.aloa-tourisme.com\/blog\/congres-otf-reims-2019-le-congres-du-centenaire#primaryimage"},"image":{"@id":"https:\/\/www.aloa-tourisme.com\/blog\/congres-otf-reims-2019-le-congres-du-centenaire#primaryimage"},"thumbnailUrl":"https:\/\/www.aloa-tourisme.com\/blog\/wp-content\/uploads\/2024\/01\/vignoble_1200x630.png","datePublished":"2019-08-26T12:47:00+00:00","dateModified":"2024-01-16T13:59:41+00:00","breadcrumb":{"@id":"https:\/\/www.aloa-tourisme.com\/blog\/congres-otf-reims-2019-le-congres-du-centenaire#breadcrumb"},"inLanguage":"fr-FR","potentialAction":[{"@type":"ReadAction","target":["https:\/\/www.aloa-tourisme.com\/blog\/congres-otf-reims-2019-le-congres-du-centenaire"]}]},{"@type":"ImageObject","inLanguage":"fr-FR","@id":"https:\/\/www.aloa-tourisme.com\/blog\/congres-otf-reims-2019-le-congres-du-centenaire#primaryimage","url":"https:\/\/www.aloa-tourisme.com\/blog\/wp-content\/uploads\/2024\/01\/vignoble_1200x630.png","contentUrl":"https:\/\/www.aloa-tourisme.com\/blog\/wp-content\/uploads\/2024\/01\/vignoble_1200x630.png","width":1200,"height":630,"caption":"vignoble_1200x630"},{"@type":"BreadcrumbList","@id":"https:\/\/www.aloa-tourisme.com\/blog\/congres-otf-reims-2019-le-congres-du-centenaire#breadcrumb","itemListElement":[{"@type":"ListItem","position":1,"name":"Accueil","item":"https:\/\/www.aloa-tourisme.com\/blog"},{"@type":"ListItem","position":2,"name":"CONGR\u00c8S OTF REIMS 2019 \u2013 LE CONGR\u00c8S DU CENTENAIRE"}]},{"@type":"WebSite","@id":"https:\/\/www.aloa-tourisme.com\/blog\/#website","url":"https:\/\/www.aloa-tourisme.com\/blog\/","name":"Le blog Aloa Tourisme","description":"Logiciels m\u00e9tier pour les professionnels et institutionnels du tourisme","publisher":{"@id":"https:\/\/www.aloa-tourisme.com\/blog\/#organization"},"potentialAction":[{"@type":"SearchAction","target":{"@type":"EntryPoint","urlTemplate":"https:\/\/www.aloa-tourisme.com\/blog\/?s={search_term_string}"},"query-input":"required name=search_term_string"}],"inLanguage":"fr-FR"},{"@type":"Organization","@id":"https:\/\/www.aloa-tourisme.com\/blog\/#organization","name":"Le blog Aloa Tourisme","url":"https:\/\/www.aloa-tourisme.com\/blog\/","logo":{"@type":"ImageObject","inLanguage":"fr-FR","@id":"https:\/\/www.aloa-tourisme.com\/blog\/#\/schema\/logo\/image\/","url":"https:\/\/www.aloa-tourisme.com\/blog\/wp-content\/uploads\/2024\/03\/aloa-consonance-web.png","contentUrl":"https:\/\/www.aloa-tourisme.com\/blog\/wp-content\/uploads\/2024\/03\/aloa-consonance-web.png","width":300,"height":200,"caption":"Le blog Aloa Tourisme"},"image":{"@id":"https:\/\/www.aloa-tourisme.com\/blog\/#\/schema\/logo\/image\/"},"sameAs":["https:\/\/www.facebook.com\/consonanceweb","https:\/\/www.linkedin.com\/company\/3767508\/","https:\/\/www.instagram.com\/aloatourisme\/","https:\/\/www.youtube.com\/user\/consonanceweb\/video"]},{"@type":"Person","@id":"https:\/\/www.aloa-tourisme.com\/blog\/#\/schema\/person\/aa9b4da5bfec527d1ebe78ed7b0de64c","name":"aloa","image":{"@type":"ImageObject","inLanguage":"fr-FR","@id":"https:\/\/www.aloa-tourisme.com\/blog\/#\/schema\/person\/image\/","url":"https:\/\/secure.gravatar.com\/avatar\/0de196176141d50c61f0f52f749a7ab91e3b3a214419bf986215fdefa3a664c0?s=96&d=mm&r=g","contentUrl":"https:\/\/secure.gravatar.com\/avatar\/0de196176141d50c61f0f52f749a7ab91e3b3a214419bf986215fdefa3a664c0?s=96&d=mm&r=g","caption":"aloa"},"sameAs":["http:\/\/nugxwxw.cluster030.hosting.ovh.net\/blog"],"url":"https:\/\/www.aloa-tourisme.com\/blog\/author\/aloa"}]}},"_links":{"self":[{"href":"https:\/\/www.aloa-tourisme.com\/blog\/wp-json\/wp\/v2\/posts\/291","targetHints":{"allow":["GET"]}}],"collection":[{"href":"https:\/\/www.aloa-tourisme.com\/blog\/wp-json\/wp\/v2\/posts"}],"about":[{"href":"https:\/\/www.aloa-tourisme.com\/blog\/wp-json\/wp\/v2\/types\/post"}],"author":[{"embeddable":true,"href":"https:\/\/www.aloa-tourisme.com\/blog\/wp-json\/wp\/v2\/users\/1"}],"replies":[{"embeddable":true,"href":"https:\/\/www.aloa-tourisme.com\/blog\/wp-json\/wp\/v2\/comments?post=291"}],"version-history":[{"count":1,"href":"https:\/\/www.aloa-tourisme.com\/blog\/wp-json\/wp\/v2\/posts\/291\/revisions"}],"predecessor-version":[{"id":294,"href":"https:\/\/www.aloa-tourisme.com\/blog\/wp-json\/wp\/v2\/posts\/291\/revisions\/294"}],"wp:featuredmedia":[{"embeddable":true,"href":"https:\/\/www.aloa-tourisme.com\/blog\/wp-json\/wp\/v2\/media\/293"}],"wp:attachment":[{"href":"https:\/\/www.aloa-tourisme.com\/blog\/wp-json\/wp\/v2\/media?parent=291"}],"wp:term":[{"taxonomy":"category","embeddable":true,"href":"https:\/\/www.aloa-tourisme.com\/blog\/wp-json\/wp\/v2\/categories?post=291"},{"taxonomy":"post_tag","embeddable":true,"href":"https:\/\/www.aloa-tourisme.com\/blog\/wp-json\/wp\/v2\/tags?post=291"}],"curies":[{"name":"wp","href":"https:\/\/api.w.org\/{rel}","templated":true}]}}